{"id":22970,"date":"2025-05-07T07:28:09","date_gmt":"2025-05-07T05:28:09","guid":{"rendered":"https:\/\/nauka.uksw.edu.pl\/?p=22970"},"modified":"2025-06-10T06:55:22","modified_gmt":"2025-06-10T04:55:22","slug":"nawa-nabor-wnioskow-na-wymiany-miedzynarodowe","status":"publish","type":"post","link":"https:\/\/nauka.uksw.edu.pl\/nawa-nabor-wnioskow-na-wymiany-miedzynarodowe\/","title":{"rendered":"NAWA: Nab\u00f3r wniosk\u00f3w na wymiany mi\u0119dzynarodowe"},"content":{"rendered":"\n<p>Narodowa Agencja Wymiany Akademickiej og\u0142osi\u0142a nab\u00f3r wniosk\u00f3w na bilateraln\u0105 wymian\u0119 naukowc\u00f3w z Chinami, S\u0142owacj\u0105, Austri\u0105, Francj\u0105 i Niemcami.&nbsp;Celem naboru jest wsparcie mobilno\u015bci naukowc\u00f3w realizuj\u0105cych projekty badawcze w zespo\u0142ach w sk\u0142ad, kt\u00f3rych wchodz\u0105 naukowcy z Polski oraz wymienionych powy\u017cej kraj\u00f3w (osobny program naboru wniosk\u00f3w dla wsp\u00f3\u0142pracy z ka\u017cdym z wymienionych powy\u017cej kraj\u00f3w). <\/p>\n\n\n\n<p>\u015arodki na projekty w ramach naboru s\u0105 przeznaczone na pokrycie koszt\u00f3w podr\u00f3\u017cy i pobyt\u00f3w naukowc\u00f3w w kraju partnera, z wy\u0142\u0105czeniem finansowania samych bada\u0144. <\/p>\n\n\n\n<p>Poni\u017cej informacji o poszczeg\u00f3lnych naborach:<\/p>\n\n\n\n<ul class=\"wp-block-list\">\n<li><a href=\"https:\/\/nawa.gov.pl\/nawa\/aktualnosci\/wspolne-projekty-badawcze-miedzy-polska-a-chinami\">wsp\u00f3\u0142praca z Chinami<\/a> &#8211; nab\u00f3r do <strong>9 lipca 2025 r.<\/strong>;<\/li>\n\n\n\n<li><a href=\"https:\/\/nawa.gov.pl\/wspolpraca-i-wymiana-miedzynarodowa\/wspolne-projekty-badawcze\/nabory-2025\/wspolne-projekty-badawcze-pomiedzy-polska-a-slowacja-2025\">wsp\u00f3\u0142praca ze S\u0142owacj\u0105 <\/a>&#8211; nab\u00f3r do <strong>7 lipca 2025 r.<\/strong>;<\/li>\n\n\n\n<li><a href=\"https:\/\/nawa.gov.pl\/wspolpraca-i-wymiana-miedzynarodowa\/wspolne-projekty-badawcze\/nabory-2025\/wspolne-projekty-badawcze-pomiedzy-polska-a-austria-2025\">wsp\u00f3\u0142praca z Austri\u0105<\/a> &#8211; nab\u00f3r do <strong>13 czerwca 2025 r.<\/strong>;<\/li>\n\n\n\n<li><a href=\"https:\/\/nawa.gov.pl\/nawa\/aktualnosci\/phc-polonium-zapraszamy-do-skladania-wnioskow\">wsp\u00f3\u0142praca z Francj\u0105<\/a> &#8211; nab\u00f3r do <strong>17 lipca 2025 r.<\/strong>;<\/li>\n\n\n\n<li><a href=\"https:\/\/nawa.gov.pl\/wspolpraca-i-wymiana-miedzynarodowa\/wspolne-projekty-badawcze\/nabory-2025\/wspolne-projekty-badawcze-pomiedzy-polska-a-niemcami-2025\">wsp\u00f3\u0142praca z Niemcami<\/a> &#8211; do <strong>12 czerwca 2025 r.<\/strong><\/li>\n<\/ul>\n","protected":false},"excerpt":{"rendered":"<p>Narodowa Agencja Wymiany Akademickiej og\u0142osi\u0142a nab\u00f3r wniosk\u00f3w na bilateraln\u0105 wymian\u0119 naukowc\u00f3w z Chinami, S\u0142owacj\u0105, Austri\u0105, Francj\u0105 i Niemcami.&nbsp;Celem naboru jest wsparcie mobilno\u015bci naukowc\u00f3w realizuj\u0105cych projekty badawcze w zespo\u0142ach w sk\u0142ad, kt\u00f3rych wchodz\u0105 naukowcy z Polski oraz wymienionych powy\u017cej kraj\u00f3w (osobny program naboru wniosk\u00f3w dla wsp\u00f3\u0142pracy z ka\u017cdym z wymienionych powy\u017cej kraj\u00f3w). \u015arodki na projekty w [&hellip;]<\/p>\n","protected":false},"author":26,"featured_media":22971,"comment_status":"open","ping_status":"open","sticky":false,"template":"","format":"standard","meta":{"_acf_changed":false,"inline_featured_image":false,"footnotes":"","_links_to":"","_links_to_target":""},"categories":[1,9],"tags":[],"class_list":["post-22970","post","type-post","status-publish","format-standard","has-post-thumbnail","hentry","category-aktualnosci","category-konkursy"],"acf":[],"_links":{"self":[{"href":"https:\/\/nauka.uksw.edu.pl\/pl\/wp-json\/wp\/v2\/posts\/22970","targetHints":{"allow":["GET"]}}],"collection":[{"href":"https:\/\/nauka.uksw.edu.pl\/pl\/wp-json\/wp\/v2\/posts"}],"about":[{"href":"https:\/\/nauka.uksw.edu.pl\/pl\/wp-json\/wp\/v2\/types\/post"}],"author":[{"embeddable":true,"href":"https:\/\/nauka.uksw.edu.pl\/pl\/wp-json\/wp\/v2\/users\/26"}],"replies":[{"embeddable":true,"href":"https:\/\/nauka.uksw.edu.pl\/pl\/wp-json\/wp\/v2\/comments?post=22970"}],"version-history":[{"count":4,"href":"https:\/\/nauka.uksw.edu.pl\/pl\/wp-json\/wp\/v2\/posts\/22970\/revisions"}],"predecessor-version":[{"id":23009,"href":"https:\/\/nauka.uksw.edu.pl\/pl\/wp-json\/wp\/v2\/posts\/22970\/revisions\/23009"}],"wp:featuredmedia":[{"embeddable":true,"href":"https:\/\/nauka.uksw.edu.pl\/pl\/wp-json\/wp\/v2\/media\/22971"}],"wp:attachment":[{"href":"https:\/\/nauka.uksw.edu.pl\/pl\/wp-json\/wp\/v2\/media?parent=22970"}],"wp:term":[{"taxonomy":"category","embeddable":true,"href":"https:\/\/nauka.uksw.edu.pl\/pl\/wp-json\/wp\/v2\/categories?post=22970"},{"taxonomy":"post_tag","embeddable":true,"href":"https:\/\/nauka.uksw.edu.pl\/pl\/wp-json\/wp\/v2\/tags?post=22970"}],"curies":[{"name":"wp","href":"https:\/\/api.w.org\/{rel}","templated":true}]}}