{"id":22991,"date":"2025-05-28T07:44:15","date_gmt":"2025-05-28T05:44:15","guid":{"rendered":"https:\/\/nauka.uksw.edu.pl\/?p=22991"},"modified":"2025-05-28T07:44:17","modified_gmt":"2025-05-28T05:44:17","slug":"narodowy-program-rozwoju-humanistyki-nabor-2025","status":"publish","type":"post","link":"https:\/\/nauka.uksw.edu.pl\/narodowy-program-rozwoju-humanistyki-nabor-2025\/","title":{"rendered":"Narodowy Program Rozwoju Humanistyki &#8211; nab\u00f3r 2025"},"content":{"rendered":"\n<p>Ministerstwo Nauki i Szkolnictwa Wy\u017cszego uruchomi\u0142o nab\u00f3r wniosk\u00f3w w ramach Narodowego Rozwoju Humanistyki w 2025 r. Nab\u00f3r wniosk\u00f3w prowadzony b\u0119dzie do <strong>28 lipca 2025 r.<\/strong> <strong>godz. 16:00.<\/strong><\/p>\n\n\n\n<p>Zgodnie z tre\u015bci\u0105 <a href=\"https:\/\/www.gov.pl\/attachment\/5470abfa-a001-4abe-84b3-6157d7681b13\">Komunikatu Ministra Nauki i Szkolnictwa Wy\u017cszego z dnia 26 maja 2025 r. o ustanowieniu programu pod nazw\u0105 \u201eNarodowy Program Rozwoju Humanistyki 2025\u201d i naborze wniosk\u00f3w<\/a>, przedmiotem NPRH jest finansowanie w trybie konkursowym:<\/p>\n\n\n\n<ul class=\"wp-block-list\">\n<li>wieloletnich projekt\u00f3w badawczych o szczeg\u00f3lnym znaczeniu dla narodowego europejskiego lub \u015bwiatowego dziedzictwa kulturowego, lub kultury wsp\u00f3\u0142czesnej <strong>(modu\u0142 ,,Dziedzictwo + \u2013 Projekty badawcze\u201d<\/strong>);<\/li>\n\n\n\n<li>wieloletnich projekt\u00f3w badawczych dotycz\u0105cych humanistycznych aspekt\u00f3w wsp\u00f3\u0142czesnych wyzwa\u0144 cywilizacyjnych, w szczeg\u00f3lno\u015bci:\n<ul class=\"wp-block-list\">\n<li>kryzysu klimatyczno-ekologicznego,<\/li>\n\n\n\n<li>technologii cyfrowych, w tym system\u00f3w sztucznej inteligencji oraz ich nast\u0119pstw spo\u0142eczno-kulturowych i poznawczych,<\/li>\n\n\n\n<li>przemian pracy i \u017cycia codziennego,<\/li>\n\n\n\n<li>kryzysu nauczania,<\/li>\n\n\n\n<li>kryzysu zdrowia psychicznego,<\/li>\n\n\n\n<li>zmian geopolitycznych,<\/li>\n\n\n\n<li>migracji,<\/li>\n\n\n\n<li>epidemi,<\/li>\n\n\n\n<li>wojen i terroryzmu,<\/li>\n\n\n\n<li>nowych modeli gospodarczych<\/li>\n<\/ul>\n<\/li>\n<\/ul>\n\n\n\n<p>\u2013 <strong>(modu\u0142 ,,Nowe wyzwania \u2013 Projekty badawcze\u02ee<\/strong>);<\/p>\n\n\n\n<ul class=\"wp-block-list\">\n<li>popularyzacji wynik\u00f3w bada\u0144 naukowych zar\u00f3wno z zakresu dziedziny nauk humanistycznych oraz humanistycznych i innych (<strong>modu\u0142 \u201eSokrates \u2013 Ksi\u0105\u017cka upowszechniaj\u0105ca wyniki bada\u0144\u201d<\/strong>).<\/li>\n<\/ul>\n\n\n\n<p><a href=\"https:\/\/www.gov.pl\/web\/nauka\/narodowy-program-rozwoju-humanistyki\">Szczeg\u00f3\u0142owe informacje o naborze wniosk\u00f3w mog\u0105 znale\u017a\u0107 Pa\u0144stwo na stronie internetowej MNiSW<\/a>.<\/p>\n\n\n\n<p><\/p>\n","protected":false},"excerpt":{"rendered":"<p>Ministerstwo Nauki i Szkolnictwa Wy\u017cszego uruchomi\u0142o nab\u00f3r wniosk\u00f3w w ramach Narodowego Rozwoju Humanistyki w 2025 r. Nab\u00f3r wniosk\u00f3w prowadzony b\u0119dzie do 28 lipca 2025 r. godz. 16:00. Zgodnie z tre\u015bci\u0105 Komunikatu Ministra Nauki i Szkolnictwa Wy\u017cszego z dnia 26 maja 2025 r. o ustanowieniu programu pod nazw\u0105 \u201eNarodowy Program Rozwoju Humanistyki 2025\u201d i naborze wniosk\u00f3w, [&hellip;]<\/p>\n","protected":false},"author":26,"featured_media":22090,"comment_status":"closed","ping_status":"closed","sticky":false,"template":"","format":"standard","meta":{"_acf_changed":false,"inline_featured_image":false,"footnotes":"","_links_to":"","_links_to_target":""},"categories":[1,9],"tags":[],"class_list":["post-22991","post","type-post","status-publish","format-standard","has-post-thumbnail","hentry","category-aktualnosci","category-konkursy"],"acf":[],"_links":{"self":[{"href":"https:\/\/nauka.uksw.edu.pl\/pl\/wp-json\/wp\/v2\/posts\/22991","targetHints":{"allow":["GET"]}}],"collection":[{"href":"https:\/\/nauka.uksw.edu.pl\/pl\/wp-json\/wp\/v2\/posts"}],"about":[{"href":"https:\/\/nauka.uksw.edu.pl\/pl\/wp-json\/wp\/v2\/types\/post"}],"author":[{"embeddable":true,"href":"https:\/\/nauka.uksw.edu.pl\/pl\/wp-json\/wp\/v2\/users\/26"}],"replies":[{"embeddable":true,"href":"https:\/\/nauka.uksw.edu.pl\/pl\/wp-json\/wp\/v2\/comments?post=22991"}],"version-history":[{"count":2,"href":"https:\/\/nauka.uksw.edu.pl\/pl\/wp-json\/wp\/v2\/posts\/22991\/revisions"}],"predecessor-version":[{"id":22993,"href":"https:\/\/nauka.uksw.edu.pl\/pl\/wp-json\/wp\/v2\/posts\/22991\/revisions\/22993"}],"wp:featuredmedia":[{"embeddable":true,"href":"https:\/\/nauka.uksw.edu.pl\/pl\/wp-json\/wp\/v2\/media\/22090"}],"wp:attachment":[{"href":"https:\/\/nauka.uksw.edu.pl\/pl\/wp-json\/wp\/v2\/media?parent=22991"}],"wp:term":[{"taxonomy":"category","embeddable":true,"href":"https:\/\/nauka.uksw.edu.pl\/pl\/wp-json\/wp\/v2\/categories?post=22991"},{"taxonomy":"post_tag","embeddable":true,"href":"https:\/\/nauka.uksw.edu.pl\/pl\/wp-json\/wp\/v2\/tags?post=22991"}],"curies":[{"name":"wp","href":"https:\/\/api.w.org\/{rel}","templated":true}]}}