{"id":23124,"date":"2025-09-30T12:05:56","date_gmt":"2025-09-30T10:05:56","guid":{"rendered":"https:\/\/nauka.uksw.edu.pl\/?p=23124"},"modified":"2025-09-30T12:14:22","modified_gmt":"2025-09-30T10:14:22","slug":"nabor-wnioskow-na-finansowanie-badan-naukowych-w-2026-r","status":"publish","type":"post","link":"https:\/\/nauka.uksw.edu.pl\/nabor-wnioskow-na-finansowanie-badan-naukowych-w-2026-r\/","title":{"rendered":"Nab\u00f3r wniosk\u00f3w na finansowanie bada\u0144 naukowych w 2026 r."},"content":{"rendered":"\n<p>Informujemy, \u017ce zgodnie z&nbsp;Decyzj\u0105 &nbsp;<a href=\"https:\/\/monitor.uksw.edu.pl\/docs\/8455\">Nr 25\/2025 Prorektora ds. Nauki i Wsp\u00f3\u0142pracy Mi\u0119dzynarodowej Uniwersytetu Kardyna\u0142a Stefana Wyszy\u0144skiego w Warszawie z dnia 29 wrze\u015bnia 2025 r. w sprawie otwarcia naboru wniosk\u00f3w na dofinansowanie projekt\u00f3w badawczych finansowanych z subwencji na badania naukowe i prace rozwojowe na rok 2026<\/a>&nbsp;do dnia&nbsp;<strong>17 pa\u017adziernika 2025 r. godz. 23.59.59&nbsp;<\/strong>prowadzony jest nab\u00f3r wniosk\u00f3w na finansowanie projekt\u00f3w badawczych z wewn\u0119trznych \u015brodk\u00f3w Uczelni na 2026 r.&nbsp;<\/p>\n\n\n\n<p>Wnioski nale\u017cy przesy\u0142a\u0107 w postaci podpisanych i zeskanowanych plik\u00f3w w formacie pdf na adres mailowy&nbsp;<a href=\"mailto:nauka@uksw.edu.pl?subject=Badania%20naukowe%202026\">nauka@uksw.edu.pl<\/a>&nbsp;<\/p>\n\n\n\n<hr class=\"wp-block-separator has-alpha-channel-opacity\" \/>\n\n\n\n<p class=\"has-text-align-center\"><font color=\"red\"><strong>!!! UWAGA !!!<\/strong><\/font><\/p>\n\n\n\n<p>W dniu 26 wrze\u015bnia 2025 r. w \u017cycie wesz\u0142o <a href=\"https:\/\/monitor.uksw.edu.pl\/docs\/8433\">Zarz\u0105dzenie Nr 68\/2025 Rektora Uniwersytetu Kardyna\u0142a Stefana Wyszy\u0144skiego w Warszawie z dnia 26 wrze\u015bnia 2025 zmieniaj\u0105ce Zarz\u0105dzenie Nr 46\/2023 Rektora Uniwersytetu Kardyna\u0142a Stefana Wyszy\u0144skiego w Warszawie w sprawie zasad wnioskowania i rozliczania projekt\u00f3w badawczych finansowanych z subwencji na badania naukowe i prace rozwojowe<\/a>.<\/p>\n\n\n\n<p>Nowy akt prawny zak\u0142ada zmian\u0119 wzor\u00f3w trzech z czterech wniosk\u00f3w, kt\u00f3re mo\u017cna sk\u0142ada\u0107 w ramach tzw. bada\u0144 wewn\u0119trznych. Wnioski mo\u017cna sk\u0142ada\u0107 tylko na aktualnych wzorach formularzy, kt\u00f3re zamieszczone s\u0105 poni\u017cej.<\/p>\n\n\n\n<p class=\"has-text-align-center\"><font color=\"red\"><strong>!!! UWAGA !!!<\/strong><\/font><\/p>\n\n\n\n<hr class=\"wp-block-separator has-alpha-channel-opacity\" \/>\n\n\n\n<p>Wskazane jest, by wniosek wraz z wszelkimi za\u0142\u0105cznikami przes\u0142any by\u0142 jako jeden plik. Akceptowane s\u0105 tak\u017ce wnioski podpisane elektronicznie podpisem kwalifikowanym lub profilem zaufanym kierownika projektu.\u00a0Ze wzgl\u0119du na konieczno\u015b\u0107 zapewnienia bezpiecze\u0144stwa przesy\u0142anych danych, do sk\u0142adania wniosk\u00f3w w wersji elektronicznej, nale\u017cy u\u017cywa\u0107 s\u0142u\u017cbowych adres\u00f3w pocztowych.<\/p>\n\n\n\n<p><strong>Wnioski mo\u017cna sk\u0142ada\u0107 tylko na formularzach stanowi\u0105cych aktualne za\u0142\u0105czniki do Zarz\u0105dzenia nr 46\/2023  Nie nale\u017cy wprowadza\u0107 do wniosk\u00f3w dodatkowych p\u00f3l oraz kasowa\u0107 istniej\u0105cych (nawet, je\u017celi pozostaj\u0105 puste). Wnioski nale\u017cy sk\u0142ada\u0107 ze wszystkimi wymaganymi podpisami.<\/strong><\/p>\n\n\n\n<p>Tre\u015b\u0107 za\u0142\u0105cznik\u00f3w do zarz\u0105dzenia mo\u017cna pobra\u0107, klikaj\u0105c w zamieszczone poni\u017cej odno\u015bniki.<\/p>\n\n\n\n<p><strong>Podzia\u0142 \u015brodk\u00f3w na 2026 r. b\u0119dzie przeprowadzony w terminie do 31 pa\u017adziernika 2025 r.&nbsp; Wydatkowanie przyznanych \u015brodk\u00f3w b\u0119dzie mo\u017cliwe od 1 stycznia 2026 r.<\/strong><\/p>\n\n\n\r\n<div class=\"\">\r\n\r\n\r\n<div class=\"row\">\r\n\r\n  \r\n<div class=\"col-xl-12 col-lg-12 col-md-12 col-sm-12 \">\r\n\t\t<div class=\"download_detils\">\r\n\t\t\t<a href=\"https:\/\/nauka.uksw.edu.pl\/wp-content\/uploads\/sites\/14\/2025\/09\/zal_1_wniosek_BN_2025.docx\"  title=\"wniosek o przyznanie dofinansowania na dzia\u0142ania\/projekty indywidualne\/zespo\u0142owe\/wsp\u00f3\u0142prac\u0119 zagraniczn\u0105 \u2013 Za\u0142\u0105cznik nr 1\" download >\r\n\t\t\t<img decoding=\"async\" src=\"https:\/\/nauka.uksw.edu.pl\/wp-content\/themes\/uksw\/images\/import.svg\" alt=\"\"> wniosek o przyznanie dofinansowania na dzia\u0142ania\/projekty\nindywidualne\/zespo\u0142owe\/wsp\u00f3\u0142prac\u0119 zagraniczn\u0105 \u2013 Za\u0142\u0105cznik nr 1 [DOCX,  0.05 MB]<\/a>\r\n\t\t<\/div>\r\n<\/div>\r\n\r\n\r\n\t\t\r\n<div class=\"col-xl-12 col-lg-12 col-md-12 col-sm-12 \">\r\n\t\t<div class=\"download_detils\">\r\n\t\t\t<a href=\"https:\/\/nauka.uksw.edu.pl\/wp-content\/uploads\/sites\/14\/2025\/09\/zal_2_wniosek_konf_nauk_2025.docx\"  title=\"wniosek o przyznanie dofinansowania na organizacj\u0119 konferencji naukowej w UKSW w zakresie upowszechniania nauki \u2013 Za\u0142\u0105cznik nr 2\" download >\r\n\t\t\t<img decoding=\"async\" src=\"https:\/\/nauka.uksw.edu.pl\/wp-content\/themes\/uksw\/images\/import.svg\" alt=\"\"> wniosek o przyznanie dofinansowania na organizacj\u0119 konferencji naukowej w UKSW\nw zakresie upowszechniania nauki \u2013 Za\u0142\u0105cznik nr 2 [DOCX,  0.06 MB]<\/a>\r\n\t\t<\/div>\r\n<\/div>\r\n\r\n\r\n\t\t\r\n<div class=\"col-xl-12 col-lg-12 col-md-12 col-sm-12 \">\r\n\t\t<div class=\"download_detils\">\r\n\t\t\t<a href=\"https:\/\/nauka.uksw.edu.pl\/wp-content\/uploads\/sites\/14\/2025\/09\/zal_3_wniosek_dof_publikacji_2025.docx\"  title=\"wniosek o przyznanie dofinansowania na wydanie publikacji naukowej w Wydawnictwie UKSW w zakresie upowszechniania nauki \u2013 Za\u0142\u0105cznik nr 3\" download >\r\n\t\t\t<img decoding=\"async\" src=\"https:\/\/nauka.uksw.edu.pl\/wp-content\/themes\/uksw\/images\/import.svg\" alt=\"\"> wniosek o przyznanie dofinansowania na wydanie publikacji naukowej w\nWydawnictwie UKSW w zakresie upowszechniania nauki \u2013 Za\u0142\u0105cznik nr 3 [DOCX,  0.03 MB]<\/a>\r\n\t\t<\/div>\r\n<\/div>\r\n\r\n\r\n\t\t\r\n<div class=\"col-xl-12 col-lg-12 col-md-12 col-sm-12 \">\r\n\t\t<div class=\"download_detils\">\r\n\t\t\t<a href=\"https:\/\/nauka.uksw.edu.pl\/wp-content\/uploads\/sites\/14\/2023\/09\/zal_4_wniosek_czas_nauk.doc\"  title=\"wniosek o przyznanie dofinansowania na czasopismo naukowe wydawane w UKSW w zakresie upowszechniania nauki \u2013 Za\u0142\u0105cznik nr 4\" download >\r\n\t\t\t<img decoding=\"async\" src=\"https:\/\/nauka.uksw.edu.pl\/wp-content\/themes\/uksw\/images\/import.svg\" alt=\"\"> wniosek o przyznanie dofinansowania na czasopismo naukowe wydawane w UKSW w\nzakresie upowszechniania nauki \u2013 Za\u0142\u0105cznik nr 4 [DOC,  0.04 MB]<\/a>\r\n\t\t<\/div>\r\n<\/div>\r\n\r\n\r\n\t\t\r\n\t\t \r\n\r\n<\/div>\r\n<\/div>\r\n<div class=\"space20\"><\/div>\r\n\r\n","protected":false},"excerpt":{"rendered":"<p>Informujemy, \u017ce zgodnie z&nbsp;Decyzj\u0105 &nbsp;Nr 25\/2025 Prorektora ds. Nauki i Wsp\u00f3\u0142pracy Mi\u0119dzynarodowej Uniwersytetu Kardyna\u0142a Stefana Wyszy\u0144skiego w Warszawie z dnia 29 wrze\u015bnia 2025 r. w sprawie otwarcia naboru wniosk\u00f3w na dofinansowanie projekt\u00f3w badawczych finansowanych z subwencji na badania naukowe i prace rozwojowe na rok 2026&nbsp;do dnia&nbsp;17 pa\u017adziernika 2025 r. godz. 23.59.59&nbsp;prowadzony jest nab\u00f3r wniosk\u00f3w na [&hellip;]<\/p>\n","protected":false},"author":26,"featured_media":22059,"comment_status":"open","ping_status":"open","sticky":false,"template":"","format":"standard","meta":{"_acf_changed":false,"inline_featured_image":false,"footnotes":"","_links_to":"","_links_to_target":""},"categories":[1,9],"tags":[],"class_list":["post-23124","post","type-post","status-publish","format-standard","has-post-thumbnail","hentry","category-aktualnosci","category-konkursy"],"acf":[],"_links":{"self":[{"href":"https:\/\/nauka.uksw.edu.pl\/pl\/wp-json\/wp\/v2\/posts\/23124","targetHints":{"allow":["GET"]}}],"collection":[{"href":"https:\/\/nauka.uksw.edu.pl\/pl\/wp-json\/wp\/v2\/posts"}],"about":[{"href":"https:\/\/nauka.uksw.edu.pl\/pl\/wp-json\/wp\/v2\/types\/post"}],"author":[{"embeddable":true,"href":"https:\/\/nauka.uksw.edu.pl\/pl\/wp-json\/wp\/v2\/users\/26"}],"replies":[{"embeddable":true,"href":"https:\/\/nauka.uksw.edu.pl\/pl\/wp-json\/wp\/v2\/comments?post=23124"}],"version-history":[{"count":14,"href":"https:\/\/nauka.uksw.edu.pl\/pl\/wp-json\/wp\/v2\/posts\/23124\/revisions"}],"predecessor-version":[{"id":23229,"href":"https:\/\/nauka.uksw.edu.pl\/pl\/wp-json\/wp\/v2\/posts\/23124\/revisions\/23229"}],"wp:featuredmedia":[{"embeddable":true,"href":"https:\/\/nauka.uksw.edu.pl\/pl\/wp-json\/wp\/v2\/media\/22059"}],"wp:attachment":[{"href":"https:\/\/nauka.uksw.edu.pl\/pl\/wp-json\/wp\/v2\/media?parent=23124"}],"wp:term":[{"taxonomy":"category","embeddable":true,"href":"https:\/\/nauka.uksw.edu.pl\/pl\/wp-json\/wp\/v2\/categories?post=23124"},{"taxonomy":"post_tag","embeddable":true,"href":"https:\/\/nauka.uksw.edu.pl\/pl\/wp-json\/wp\/v2\/tags?post=23124"}],"curies":[{"name":"wp","href":"https:\/\/api.w.org\/{rel}","templated":true}]}}